{"id":842,"date":"2020-09-27T14:45:48","date_gmt":"2020-09-27T14:45:48","guid":{"rendered":"https:\/\/tuliaocampo.com\/blog\/?p=842"},"modified":"2021-10-31T15:12:30","modified_gmt":"2021-10-31T15:12:30","slug":"resumenes-de-estudios-de-broca-1861-y-wernicke-1874","status":"publish","type":"post","link":"https:\/\/tuliaocampo.com\/blog\/2020\/09\/resumenes-de-estudios-de-broca-1861-y-wernicke-1874\/","title":{"rendered":"ESTUDIOS DE BROCA (1861) Y WERNICKE (1874)"},"content":{"rendered":"\n<p><strong>Descubrimientos iniciales sobre la representaci\u00f3n del lenguaje en el cerebro y nuevas reformulaciones<\/strong><\/p>\n\n\n\n<p><strong>Broca (1861)<\/strong> &#8211; Paul Broca, m\u00e9dico parisino, principalmente conocido por su trabajo relacionado con la localizaci\u00f3n del lenguaje expresivo en el cerebro en la que se ha denominado el \u201c\u00e1rea de Broca.\u201d&nbsp; Hizo un an\u00e1lisis de un paciente llamado Leborgne, m\u00e1s conocido como Tan porque era la \u00fanica s\u00edlaba que pod\u00eda pronunciar.&nbsp; Cuando Broca atendi\u00f3 al paciente en abril de 1861 hab\u00eda desarrollado gangrena y ten\u00eda 50 a\u00f1os.&nbsp; Tan hab\u00eda sufrido de epilepsia y hab\u00eda perdido la capacidad de articular lenguaje hac\u00eda 21 a\u00f1os, poco antes de sus 30 a\u00f1os.&nbsp; Diez a\u00f1os despu\u00e9s comenz\u00f3 a perder la movilidad de sus extremidades, comenzando por el brazo derecho hasta quedar tambi\u00e9n paralizado de la pierna derecha, evidenciando que su enfermedad neurol\u00f3gica era progresiva.&nbsp;<\/p>\n\n\n\n<!--more-->\n\n\n\n<p>Broca inici\u00f3, entonces, un an\u00e1lisis detallado de Tan, haciendo entrevistas tanto a quienes lo hab\u00edan conocido antes de perder el habla como sus padres.&nbsp; Tambi\u00e9n entrevist\u00f3 a sus cuidadores, quienes lo hab\u00edan atendido en un centro hospitalario, el Bicetre, durante los \u00faltimos 21 a\u00f1os, adem\u00e1s de interrogarlo personalmente.&nbsp; Esta indagaci\u00f3n mostr\u00f3 que, a pesar de no poder hablar, su inteligencia inicialmente estaba intacta, al igual que su capacidad para comprender el lenguaje.&nbsp; Sin embargo, s\u00f3lo respond\u00eda diciendo \u201c<em>tan tan\u201d <\/em>y haciendo gestos con su mano izquierda, pero cuando no le comprend\u00edan sus gestos se enojaba.&nbsp; Sin embargo, a medida que su lesi\u00f3n progresaba, su inteligencia tambi\u00e9n se fue afectando.&nbsp;<\/p>\n\n\n\n<div class=\"wp-block-image\"><figure class=\"alignleft size-large\"><img loading=\"lazy\" decoding=\"async\" width=\"357\" height=\"219\" src=\"https:\/\/tuliaocampo.com\/blog\/wp-content\/uploads\/2020\/09\/image-17.png\" alt=\"\" class=\"wp-image-843\" srcset=\"https:\/\/tuliaocampo.com\/blog\/wp-content\/uploads\/2020\/09\/image-17.png 357w, https:\/\/tuliaocampo.com\/blog\/wp-content\/uploads\/2020\/09\/image-17-300x184.png 300w\" sizes=\"auto, (max-width: 357px) 100vw, 357px\" \/><figcaption>Tomado de<a href=\"https:\/\/www.psicoactiva.com\/\" target=\"_blank\" rel=\"noreferrer noopener\"> https:\/\/www.psicoactiva.com\/<\/a><\/figcaption><\/figure><\/div>\n\n\n\n<p>Cuando Tan muri\u00f3 unos d\u00edas despu\u00e9s debido a la gangrena, Broca hizo una <strong>autopsia<\/strong> detallada de su cerebro, de la cual concluy\u00f3 que el inicio de su lesi\u00f3n hab\u00eda sido la tercera circunvoluci\u00f3n del l\u00f3bulo frontal izquierdo y que de all\u00ed hab\u00eda ido progresando hacia \u00e1reas aleda\u00f1as del cerebro; esta \u00e1rea, hoy denominada \u201c\u00e1rea de Broca\u201d es la que presentaba m\u00e1s da\u00f1o, especialmente en la mitad posterior.&nbsp; Este primer caso, sin embargo, no fue el \u00fanico que estudi\u00f3 Broca ya que hizo unos 25 adicionales como lo reporta Konnikova (2013), de los cuales realiz\u00f3 sus respectivas <strong>autopsias<\/strong>.&nbsp; Lo anterior lo llev\u00f3 a concluir en 1865 que la producci\u00f3n del habla se encontraba localizada en la mitad posterior de la tercera circunvoluci\u00f3n frontal, tambi\u00e9n conocida como giro frontal inferior, del hemisferio izquierdo<\/p>\n\n\n\n<hr class=\"wp-block-separator\"\/>\n\n\n\n<p><strong>Wernicke (1874)<\/strong> &#8211; En 1874 el alem\u00e1n Carl Wernicke public\u00f3 un art\u00edculo en el cual hace una clasificaci\u00f3n de los diferentes tipos de afasia (p\u00e9rdida de las funciones del lenguaje), haciendo una correlaci\u00f3n de \u00e9stas con las lesiones cerebrales respectivas, poniendo as\u00ed los cimientos al estudio de las afasias.&nbsp; En este art\u00edculo incluye 10 estudios de caso, tres de ellos clasificados como afasia sensorial, hoy conocida como afasia de Wernicke, en la cual se evidencian dificultades en la comprensi\u00f3n del lenguaje, contrario a la afasia de Broca en la que se muestran dificultades en el lenguaje expresivo.&nbsp; En la afasia sensorial, aunque el paciente preserva su capacidad de hablar con un nivel adecuado de vocabulario, al hacerlo tiende a sustituir y distorsionar palabras.&nbsp; De los tres casos mencionados, Wernicke hizo <strong>autopsia<\/strong> a dos de ellos, encontrando una lesi\u00f3n en la mitad posterior de la primera circunvoluci\u00f3n temporal, tambi\u00e9n llamado giro temporal superior, del hemisferio izquierdo del cerebro.&nbsp; Estos hallazgos fueron luego confirmados posteriormente por otros autores.&nbsp; Esta \u00e1rea del cerebro es conocida hoy d\u00eda como \u201c\u00e1rea de Wernicke.\u201d<\/p>\n\n\n\n<hr class=\"wp-block-separator\"\/>\n\n\n\n<p>Estudios m\u00e1s recientes sobre el lenguaje han llegado a la conclusi\u00f3n que las \u00e1reas de Broca y de Wernicke no ser\u00edan las \u00fanicas dos \u00e1reas relacionadas con funciones de lenguaje.&nbsp; Esto lo evidencia el an\u00e1lisis hecho por Dronkers y colaboradores (2007) a dos cerebros de los pacientes de Broca cuyos cerebros fueron preservados y a quienes les hizo <strong>RME<\/strong>s.&nbsp; Este an\u00e1lisis mostr\u00f3 que el fasc\u00edculo arqueado y otras \u00e1reas de la corteza cerebral tambi\u00e9n est\u00e1n relacionadas con el lenguaje.&nbsp; Adicionalmente, Tremblay y Dick (2016) han postulado la idea de que el lenguaje est\u00e1 distribuido en varias \u00e1reas cerebrales que est\u00e1n conectadas por diversos fasc\u00edculos o v\u00edas de fibras neuronales, siendo un sistema mucho m\u00e1s complejo e integral que el modelo cl\u00e1sico que comprende las \u00e1reas de Broca y Wernicke, conectadas por el fasc\u00edculo arqueado.&nbsp; Existe mucha evidencia para esta propuesta de que existe una gran red de \u00e1reas cerebrales que soporta el lenguaje, algunas de ellas que anteriormente no se consideraba tuvieran un rol en el lenguaje.&nbsp; Por \u00faltimo, se ha propuesto que el procesamiento del lenguaje tambi\u00e9n parece hacerse de manera diferente en los dos hemisferios; en el izquierdo se procesa la expresi\u00f3n y comprensi\u00f3n del lenguaje mientras que en el derecho los aspectos emocionales de \u00e9ste relacionados con la prosodia y la comprensi\u00f3n emocional del mensaje (Gazzaniga y colaboradores, 2014).&nbsp; Se podr\u00eda decir, entonces, que el lenguaje, siendo una funci\u00f3n compleja, requiere de la actividad coordinada de varias zonas cerebrales y que el da\u00f1o causado a una de ellas va a alterar el lenguaje de una manera diferente.<\/p>\n\n\n\n<p><strong>Nota:<\/strong> Estos estudios se presentan como ejemplos de autopsias y estudios de caso.&nbsp; Sin embargo, debido a que fueron realizado en el siglo XIX, no es conveniente utilizarlos para sustentar una respuesta en un examen internacional.&nbsp;<\/p>\n\n\n\n<hr class=\"wp-block-separator\"\/>\n\n\n\n<p><strong>Bibliograf\u00eda:<\/strong><\/p>\n\n\n\n<p>Broca, P. (1861).\u00a0 Remarks on the seat of the faculty of articulated language, following an observation of aphemia (loss of speech). <em>Bulletin de la Soci\u00e9t\u00e9 Anatomique, 6<\/em>, 330-357.<\/p>\n\n\n\n<p>Dronkers, N.F., Plaisant, O., Iba-Zizen. M.T. y Cabanis, E.A. (2007).\u00a0 Paul Broca\u2019s historic cases: high resolution MR imaging of the brains of Leborgne and Lelong.\u00a0 <em>Brain, 130<\/em>, 1432-1441.<\/p>\n\n\n\n<p>Gazzaniga, M.S., Ivry, R.B. y Mangun, G.R. (2014. <em>Cognitive Neuroscience: The Biology of the Mind (4a. Edici\u00f3n).&nbsp; <\/em>New York. W.W. Norton &amp; Company.<\/p>\n\n\n\n<p>Konnicova, M. (2013).&nbsp; The man who couldn t speak and how he revolutionized psychology. <a href=\"https:\/\/blogs.scientificamerican.com\/literally-psyched\/the-man-who-couldnt-speakand-how-he-revolutionized-psychology\/\" target=\"_blank\" rel=\"noreferrer noopener\">Scientific American<\/a>.<\/p>\n\n\n\n<p>Tremblay, P. y Dick, A.S. (2016).\u00a0 Broca and Wernicke are dead, or moving past the classic model of language neurobiology. <em>Brain &amp; Language, 162<\/em>, 60-71<\/p>\n\n\n\n<p>Wernicke, C. (1874\/1969).&nbsp; The symptom complex of aphasia: A psychological study on an anatomical basis. En R. S. Cohen y M. W. Wartofsky (Eds.) <em>Boston Studies in the Philosophy of Science, IV, <\/em>New York: Humanities Press.<\/p>\n","protected":false},"excerpt":{"rendered":"<p>Descubrimientos iniciales sobre la representaci\u00f3n del lenguaje en el cerebro y nuevas reformulaciones Broca (1861) &#8211; Paul Broca, m\u00e9dico parisino, principalmente conocido por su trabajo relacionado con la localizaci\u00f3n del lenguaje expresivo en el cerebro en la que se ha &hellip; <a href=\"https:\/\/tuliaocampo.com\/blog\/2020\/09\/resumenes-de-estudios-de-broca-1861-y-wernicke-1874\/\">Sigue leyendo <span class=\"meta-nav\">&rarr;<\/span><\/a><\/p>\n","protected":false},"author":1,"featured_media":0,"comment_status":"open","ping_status":"open","sticky":false,"template":"","format":"standard","meta":{"jetpack_post_was_ever_published":false,"_jetpack_newsletter_access":"","_jetpack_dont_email_post_to_subs":false,"_jetpack_newsletter_tier_id":0,"_jetpack_memberships_contains_paywalled_content":false,"_jetpack_memberships_contains_paid_content":false,"footnotes":"","jetpack_publicize_message":"","jetpack_publicize_feature_enabled":true,"jetpack_social_post_already_shared":true,"jetpack_social_options":{"image_generator_settings":{"template":"highway","default_image_id":0,"font":"","enabled":false},"version":2}},"categories":[45,41],"tags":[63,61],"class_list":["post-842","post","type-post","status-publish","format-standard","hentry","category-bases-biologicas-del-comportamiento","category-psicologia","tag-cerebro-y-comportamieto","tag-resumenes-estudios-bases-biologicas"],"jetpack_publicize_connections":[],"jetpack_featured_media_url":"","jetpack_sharing_enabled":true,"_links":{"self":[{"href":"https:\/\/tuliaocampo.com\/blog\/wp-json\/wp\/v2\/posts\/842","targetHints":{"allow":["GET"]}}],"collection":[{"href":"https:\/\/tuliaocampo.com\/blog\/wp-json\/wp\/v2\/posts"}],"about":[{"href":"https:\/\/tuliaocampo.com\/blog\/wp-json\/wp\/v2\/types\/post"}],"author":[{"embeddable":true,"href":"https:\/\/tuliaocampo.com\/blog\/wp-json\/wp\/v2\/users\/1"}],"replies":[{"embeddable":true,"href":"https:\/\/tuliaocampo.com\/blog\/wp-json\/wp\/v2\/comments?post=842"}],"version-history":[{"count":8,"href":"https:\/\/tuliaocampo.com\/blog\/wp-json\/wp\/v2\/posts\/842\/revisions"}],"predecessor-version":[{"id":1229,"href":"https:\/\/tuliaocampo.com\/blog\/wp-json\/wp\/v2\/posts\/842\/revisions\/1229"}],"wp:attachment":[{"href":"https:\/\/tuliaocampo.com\/blog\/wp-json\/wp\/v2\/media?parent=842"}],"wp:term":[{"taxonomy":"category","embeddable":true,"href":"https:\/\/tuliaocampo.com\/blog\/wp-json\/wp\/v2\/categories?post=842"},{"taxonomy":"post_tag","embeddable":true,"href":"https:\/\/tuliaocampo.com\/blog\/wp-json\/wp\/v2\/tags?post=842"}],"curies":[{"name":"wp","href":"https:\/\/api.w.org\/{rel}","templated":true}]}}