{"id":229,"date":"2014-10-09T07:54:35","date_gmt":"2014-10-09T15:54:35","guid":{"rendered":"http:\/\/blog.numerosyletras.com\/?p=229"},"modified":"2020-08-27T17:47:05","modified_gmt":"2020-08-27T17:47:05","slug":"barreras-para-la-inclusion-educativa","status":"publish","type":"post","link":"https:\/\/tuliaocampo.com\/blog\/2014\/10\/barreras-para-la-inclusion-educativa\/","title":{"rendered":"BARRERAS PARA LA INCLUSI\u00d3N EDUCATIVA"},"content":{"rendered":"<p>Hoy en d\u00eda tanto la normatividad internacional como la nacional hacen \u00e9nfasis en la importancia de la inclusi\u00f3n educativa con el fin de promover una educaci\u00f3n de calidad para todos y consecuentemente una sociedad que respete las diferencias individuales entre los seres humanos.\u00a0 Si se logra alcanzar una educaci\u00f3n incluyente, se podr\u00e1 alcanzar una inserci\u00f3n social y laboral donde todos puedan hacer una contribuci\u00f3n a la comunidad local, regional, nacional y a\u00fan global.\u00a0 Sin embargo, existen barreras que la limitan y coartan el acceso a una educaci\u00f3n de calidad seg\u00fan las necesidades de cada estudiante. El prop\u00f3sito es tratar de superarlas.<\/p>\n<div id=\"attachment_642\" style=\"width: 1610px\" class=\"wp-caption aligncenter\"><a href=\"https:\/\/tuliaocampo.com\/blog\/wp-content\/uploads\/2020\/08\/5escuela-abierta.jpg\"><img loading=\"lazy\" decoding=\"async\" aria-describedby=\"caption-attachment-642\" class=\"wp-image-642 size-full\" src=\"https:\/\/tuliaocampo.com\/blog\/wp-content\/uploads\/2020\/08\/5escuela-abierta.jpg\" alt=\"\" width=\"1600\" height=\"1244\" srcset=\"https:\/\/tuliaocampo.com\/blog\/wp-content\/uploads\/2020\/08\/5escuela-abierta.jpg 1600w, https:\/\/tuliaocampo.com\/blog\/wp-content\/uploads\/2020\/08\/5escuela-abierta-300x233.jpg 300w, https:\/\/tuliaocampo.com\/blog\/wp-content\/uploads\/2020\/08\/5escuela-abierta-1024x796.jpg 1024w, https:\/\/tuliaocampo.com\/blog\/wp-content\/uploads\/2020\/08\/5escuela-abierta-768x597.jpg 768w, https:\/\/tuliaocampo.com\/blog\/wp-content\/uploads\/2020\/08\/5escuela-abierta-1536x1194.jpg 1536w, https:\/\/tuliaocampo.com\/blog\/wp-content\/uploads\/2020\/08\/5escuela-abierta-386x300.jpg 386w\" sizes=\"auto, (max-width: 1600px) 100vw, 1600px\" \/><\/a><p id=\"caption-attachment-642\" class=\"wp-caption-text\">Esta caricatura de Frato nos muestra c\u00f3mo las barreras f\u00edsicas impiden el acceso a una educaci\u00f3n inclusiva. \u00ab\u00a1As\u00ed la INCLUSI\u00d3N es imposible! El poder de cambio hacia la ansiada inclusi\u00f3n est\u00e1 en la escuela, en la sociedad. Y mientras no se modifiquen todas las barreras\u2026 la escuela no estar\u00e1 abierta a todo el mundo.\u00bb http:\/\/enelcorazondeinfantil.blogspot.com\/2013\/10\/vinetas-de-frato.html<\/p><\/div>\n<p><!--more-->Las barreras que restringen la inclusi\u00f3n y la participaci\u00f3n de todos los ni\u00f1os en el aprendizaje pueden ser de orden f\u00edsico, de organizaci\u00f3n, de relaciones y del tipo de actividades.\u00a0 Las de orden f\u00edsico tienen que ver con la distribuci\u00f3n f\u00edsica tanto del centro educativo como del entorno dentro de la comunidad, que impiden o limitan\u00a0 el acceso al centro educativo y dem\u00e1s espacios relacionados con el juego y la participaci\u00f3n como ser\u00edan los parques y \u00e1reas de juego.\u00a0 Las de organizaci\u00f3n dependen de las pol\u00edticas organizacionales, locales y nacionales, que no favorecen una real inclusi\u00f3n en \u00a0la participaci\u00f3n de todos los ni\u00f1os en el juego y en el aprendizaje.\u00a0 Las de relaciones conciernen a las actitudes negativas de los adultos hacia la diferencia, de padres y de maestros, las que eventualmente influyen en las actitudes de los ni\u00f1os, afectando las relaciones entre ellos.\u00a0 Finalmente, las barreras relacionadas con las actividades en gran parte dependen tambi\u00e9n de los adultos quienes son los que las proponen, sin tener en cuenta la diversidad que existe entre los ni\u00f1os, tanto en la comunidad como en el centro educativo.<\/p>\n<div id=\"attachment_646\" style=\"width: 1310px\" class=\"wp-caption aligncenter\"><a href=\"https:\/\/tuliaocampo.com\/blog\/wp-content\/uploads\/2020\/08\/Nino-con-discapacidad-jugando-1.jpg\"><img loading=\"lazy\" decoding=\"async\" aria-describedby=\"caption-attachment-646\" class=\"size-full wp-image-646\" src=\"https:\/\/tuliaocampo.com\/blog\/wp-content\/uploads\/2020\/08\/Nino-con-discapacidad-jugando-1.jpg\" alt=\"\" width=\"1300\" height=\"880\" srcset=\"https:\/\/tuliaocampo.com\/blog\/wp-content\/uploads\/2020\/08\/Nino-con-discapacidad-jugando-1.jpg 1300w, https:\/\/tuliaocampo.com\/blog\/wp-content\/uploads\/2020\/08\/Nino-con-discapacidad-jugando-1-300x203.jpg 300w, https:\/\/tuliaocampo.com\/blog\/wp-content\/uploads\/2020\/08\/Nino-con-discapacidad-jugando-1-1024x693.jpg 1024w, https:\/\/tuliaocampo.com\/blog\/wp-content\/uploads\/2020\/08\/Nino-con-discapacidad-jugando-1-768x520.jpg 768w, https:\/\/tuliaocampo.com\/blog\/wp-content\/uploads\/2020\/08\/Nino-con-discapacidad-jugando-1-443x300.jpg 443w\" sizes=\"auto, (max-width: 1300px) 100vw, 1300px\" \/><\/a><p id=\"caption-attachment-646\" class=\"wp-caption-text\">Tambi\u00e9n hay que eliminar las barreras para el juego.<br \/>Tomado de https:\/\/es.123rf.com<\/p><\/div>\n<p>Tales barreras pueden ser experimentadas por los ni\u00f1os que tienen una necesidad educativa especial o por cualquiera otro que pueda ser considerado \u201cdiferente\u201d por diversas razones.\u00a0 Las razones por las cuales se puede considerar a alguien como diferente, adem\u00e1s de la presencia de una discapacidad, pueden ser de orden cultural, racial, socio-econ\u00f3mico, de g\u00e9nero o de orientaci\u00f3n sexual.<\/p>\n<p>La eliminaci\u00f3n de las barreras se debe iniciar con una sensibilizaci\u00f3n hacia la diferencia que lleve eventualmente a un cambio de actitud en los adultos, en especial padres, cuidadores y maestros.\u00a0 Se debe minimizar el modelo m\u00e9dico de la discapacidad que se enfoca en las deficiencias y limitaciones del ni\u00f1o, y que por lo tanto pone el problema en el estudiante y no en las barreras que presenta el entorno.\u00a0 De esta manera se pueden disminuir las discapacidades que surgen de un entorno que tiene actitudes y acciones discriminatorias y que originan instituciones con barreras hacia la participaci\u00f3n en el juego y el aprendizaje de todos los ni\u00f1os.\u00a0 En la medida que se presente un cambio actitudinal de los adultos, habr\u00e1 un esfuerzo por disminuir las barreras de orden f\u00edsico, de organizaci\u00f3n y de tipo de actividades, de tal manera que favorezcan la inclusi\u00f3n de todos los ni\u00f1os.\u00a0 Se pasar\u00eda, entonces, de la idea de atender a los ni\u00f1os con necesidades educativas especiales a una m\u00e1s inclusiva de apoyo al aprendizaje que tiene en cuenta las barreras que pueden experimentar diversos estudiantes.<\/p>\n<div id=\"attachment_645\" style=\"width: 327px\" class=\"wp-caption alignright\"><a href=\"https:\/\/tuliaocampo.com\/blog\/wp-content\/uploads\/2020\/08\/Maestros-trabajando.jpg\"><img loading=\"lazy\" decoding=\"async\" aria-describedby=\"caption-attachment-645\" class=\" wp-image-645\" src=\"https:\/\/tuliaocampo.com\/blog\/wp-content\/uploads\/2020\/08\/Maestros-trabajando.jpg\" alt=\"\" width=\"317\" height=\"240\" \/><\/a><p id=\"caption-attachment-645\" class=\"wp-caption-text\">Maestros trabajando en la detecci\u00f3n y superaci\u00f3n de las barreras.<br \/>http:\/\/www.ite.educacion.es<\/p><\/div>\n<p>Muchos centros educativos consideran que ofrecer inclusi\u00f3n exige de muchos recursos; sin embargo, \u00e9stos cuentan con m\u00e1s medios de los que creen tener.\u00a0 Adem\u00e1s de los recursos econ\u00f3micos a los cuales se puede acceder, un centro educativo puede movilizar una gran variedad de recursos humanos y legales.\u00a0 Por lo general se cuenta con una variedad de talento humano en las directivas, en los profesionales, en los ni\u00f1os y sus padres o cuidadores y en los grupos locales.\u00a0 Muchas de estas personas tienen habilidades de las cuales no son conscientes y que pueden comenzar a utilizar para favorecer la inclusi\u00f3n.\u00a0 Los ni\u00f1os, en especial, son un gran recurso porque por lo general no han desarrollado pr\u00e1cticas discriminatorias y pueden dirigir no s\u00f3lo su propio aprendizaje y juego sino tambi\u00e9n el de sus compa\u00f1eros, ofreci\u00e9ndose apoyo mutuo.<br \/>\nComo educadores, para quienes creemos en la importancia de una educaci\u00f3n de calidad para todos, est\u00e1 en nuestras manos buscar el cumplimiento de las leyes.\u00a0 Para esto debemos buscar la sensibilizaci\u00f3n de nuestros colegas, de los padres de familia y de otros adultos que influyen en nuestra labor educativa.\u00a0 Adicionalmente, es importante que logremos sacar a flote las habilidades que tenemos latentes y que pueden favorecer la inclusi\u00f3n educativa, buscando al mismo tiempo la capacitaci\u00f3n necesaria para desarrollar al m\u00e1ximo estas destrezas.<\/p>\n","protected":false},"excerpt":{"rendered":"<p>Hoy en d\u00eda tanto la normatividad internacional como la nacional hacen \u00e9nfasis en la importancia de la inclusi\u00f3n educativa con el fin de promover una educaci\u00f3n de calidad para todos y consecuentemente una sociedad que respete las diferencias individuales entre &hellip; <a href=\"https:\/\/tuliaocampo.com\/blog\/2014\/10\/barreras-para-la-inclusion-educativa\/\">Sigue leyendo <span class=\"meta-nav\">&rarr;<\/span><\/a><\/p>\n","protected":false},"author":1,"featured_media":0,"comment_status":"open","ping_status":"open","sticky":false,"template":"","format":"standard","meta":{"jetpack_post_was_ever_published":false,"_jetpack_newsletter_access":"","_jetpack_dont_email_post_to_subs":false,"_jetpack_newsletter_tier_id":0,"_jetpack_memberships_contains_paywalled_content":false,"_jetpack_memberships_contains_paid_content":false,"footnotes":"","jetpack_publicize_message":"","jetpack_publicize_feature_enabled":true,"jetpack_social_post_already_shared":false,"jetpack_social_options":{"image_generator_settings":{"template":"highway","default_image_id":0,"font":"","enabled":false},"version":2}},"categories":[24,40],"tags":[23,25],"class_list":["post-229","post","type-post","status-publish","format-standard","hentry","category-educacion-inclusiva","category-pedagogia","tag-educacion","tag-inclusion"],"jetpack_publicize_connections":[],"jetpack_featured_media_url":"","jetpack_sharing_enabled":true,"_links":{"self":[{"href":"https:\/\/tuliaocampo.com\/blog\/wp-json\/wp\/v2\/posts\/229","targetHints":{"allow":["GET"]}}],"collection":[{"href":"https:\/\/tuliaocampo.com\/blog\/wp-json\/wp\/v2\/posts"}],"about":[{"href":"https:\/\/tuliaocampo.com\/blog\/wp-json\/wp\/v2\/types\/post"}],"author":[{"embeddable":true,"href":"https:\/\/tuliaocampo.com\/blog\/wp-json\/wp\/v2\/users\/1"}],"replies":[{"embeddable":true,"href":"https:\/\/tuliaocampo.com\/blog\/wp-json\/wp\/v2\/comments?post=229"}],"version-history":[{"count":5,"href":"https:\/\/tuliaocampo.com\/blog\/wp-json\/wp\/v2\/posts\/229\/revisions"}],"predecessor-version":[{"id":650,"href":"https:\/\/tuliaocampo.com\/blog\/wp-json\/wp\/v2\/posts\/229\/revisions\/650"}],"wp:attachment":[{"href":"https:\/\/tuliaocampo.com\/blog\/wp-json\/wp\/v2\/media?parent=229"}],"wp:term":[{"taxonomy":"category","embeddable":true,"href":"https:\/\/tuliaocampo.com\/blog\/wp-json\/wp\/v2\/categories?post=229"},{"taxonomy":"post_tag","embeddable":true,"href":"https:\/\/tuliaocampo.com\/blog\/wp-json\/wp\/v2\/tags?post=229"}],"curies":[{"name":"wp","href":"https:\/\/api.w.org\/{rel}","templated":true}]}}