{"id":228,"date":"2014-10-04T06:28:05","date_gmt":"2014-10-04T14:28:05","guid":{"rendered":"http:\/\/blog.numerosyletras.com\/?p=224"},"modified":"2020-08-27T17:52:17","modified_gmt":"2020-08-27T17:52:17","slug":"importancia-de-la-educacion-inclusiva-2","status":"publish","type":"post","link":"https:\/\/tuliaocampo.com\/blog\/2014\/10\/importancia-de-la-educacion-inclusiva-2\/","title":{"rendered":"IMPORTANCIA DE LA EDUCACI\u00d3N INCLUSIVA"},"content":{"rendered":"<p style=\"text-align: justify;\">Tanto en la normatividad internacional como en la nacional, se hace \u00e9nfasis en los derechos que todos los seres humanos tienen; entre ellos se incluye el derecho a una educaci\u00f3n acorde con las necesidades que cada uno tiene.\u00a0 Para ello se han postulado lineamientos que permitan alcanzar una educaci\u00f3n inclusiva que tenga en cuenta todas las necesidades de los estudiantes, incluyendo aquellos que presentan alguna discapacidad y\/o talento excepcional.\u00a0 Una educaci\u00f3n inclusiva que considere las necesidades de todos los ni\u00f1os y j\u00f3venes, debe llevar a una verdadera inclusi\u00f3n social y laboral con el fin de lograr una vida digna.\u00a0\u00a0 <b>\u00a0<\/b><\/p>\n<div id=\"attachment_652\" style=\"width: 610px\" class=\"wp-caption aligncenter\"><a href=\"https:\/\/tuliaocampo.com\/blog\/wp-content\/uploads\/2020\/08\/Aula-inclusiva.jpg\"><img loading=\"lazy\" decoding=\"async\" aria-describedby=\"caption-attachment-652\" class=\"size-full wp-image-652\" src=\"https:\/\/tuliaocampo.com\/blog\/wp-content\/uploads\/2020\/08\/Aula-inclusiva.jpg\" alt=\"\" width=\"600\" height=\"450\" srcset=\"https:\/\/tuliaocampo.com\/blog\/wp-content\/uploads\/2020\/08\/Aula-inclusiva.jpg 600w, https:\/\/tuliaocampo.com\/blog\/wp-content\/uploads\/2020\/08\/Aula-inclusiva-300x225.jpg 300w, https:\/\/tuliaocampo.com\/blog\/wp-content\/uploads\/2020\/08\/Aula-inclusiva-400x300.jpg 400w\" sizes=\"auto, (max-width: 600px) 100vw, 600px\" \/><\/a><p id=\"caption-attachment-652\" class=\"wp-caption-text\">Aula inclusiva &#8211; tomado de http:\/\/www.atzegi.org\/<\/p><\/div>\n<p style=\"text-align: justify;\"><b><!--more--><\/b><\/p>\n<p style=\"text-align: justify;\">La concepci\u00f3n de la educaci\u00f3n inclusiva parte de la equidad, donde todos los ni\u00f1os y j\u00f3venes tienen derecho a una educaci\u00f3n de calidad, con un enfoque colaborativo que se centra en el ser.\u00a0 De esta manera, todos pueden tener acceso a la educaci\u00f3n que les permita prepararse para la vida activa.\u00a0 Se busca que todos los ni\u00f1os y j\u00f3venes, incluyendo aquellos que tienen alguna discapacidad y\/o talento excepcional no reciban una educaci\u00f3n segregada sino en instituciones que reconozcan las necesidades de todos y busquen su desarrollo y aprendizaje al m\u00e1ximo de su potencial, independientemente de su condici\u00f3n.\u00a0 Al mismo tiempo, se busca que todos los ni\u00f1os y j\u00f3venes se eduquen en un medio social diverso que respeta las diferencias sin ning\u00fan tipo de exclusi\u00f3n.\u00a0 Finalmente, una educaci\u00f3n inclusiva que prepare a todos para la vida laboral activa tiene ventajas econ\u00f3micas porque todos podr\u00e1n contribuir al desarrollo de su propia sociedad.<\/p>\n<div id=\"attachment_653\" style=\"width: 660px\" class=\"wp-caption aligncenter\"><a href=\"https:\/\/tuliaocampo.com\/blog\/wp-content\/uploads\/2020\/08\/Aula-diversa.jpg\"><img loading=\"lazy\" decoding=\"async\" aria-describedby=\"caption-attachment-653\" class=\"size-full wp-image-653\" src=\"https:\/\/tuliaocampo.com\/blog\/wp-content\/uploads\/2020\/08\/Aula-diversa.jpg\" alt=\"\" width=\"650\" height=\"433\" srcset=\"https:\/\/tuliaocampo.com\/blog\/wp-content\/uploads\/2020\/08\/Aula-diversa.jpg 650w, https:\/\/tuliaocampo.com\/blog\/wp-content\/uploads\/2020\/08\/Aula-diversa-300x200.jpg 300w, https:\/\/tuliaocampo.com\/blog\/wp-content\/uploads\/2020\/08\/Aula-diversa-450x300.jpg 450w\" sizes=\"auto, (max-width: 650px) 100vw, 650px\" \/><\/a><p id=\"caption-attachment-653\" class=\"wp-caption-text\">Diversidad en la comunicaci\u00f3n &#8211; Tomado de www.vanguardia.com<\/p><\/div>\n<p style=\"text-align: justify;\">Para una inclusi\u00f3n educativa exitosa se requiere, adem\u00e1s de un personal de apoyo formado en el trabajo con poblaci\u00f3n diversa y vulnerable, de una importante sensibilizaci\u00f3n y capacitaci\u00f3n del personal docente que trabaja con los estudiantes d\u00eda a d\u00eda.\u00a0 Sin una adecuada sensibilizaci\u00f3n de las necesidades que todos los estudiantes tienen, incluyendo aquellos con necesidades educativas especiales, los maestros no van a desear tenerlos en su aula.\u00a0 Esta sensibilizaci\u00f3n tambi\u00e9n debe incluir el reconocimiento de sus derechos, en especial el derecho a la educaci\u00f3n.\u00a0 Adem\u00e1s de sensibilizaci\u00f3n, es necesario darles a estos educadores las herramientas que requieren para el trabajo diario con esta poblaci\u00f3n.\u00a0 S\u00f3lo con los conocimientos y habilidades apropiados, los profesores podr\u00e1n ofrecer una educaci\u00f3n de calidad a todos sus estudiantes, tanto a los que presentan NEE como a los que se consideran \u201cnormales\u201d, quienes tambi\u00e9n tienen derecho a una educaci\u00f3n de calidad.<\/p>\n<p style=\"text-align: justify;\">Para poder cumplir con la normatividad relacionada con la poblaci\u00f3n con necesidades educativas especiales, se requiere de un esfuerzo decidido del Estado y de las instituciones educativas.\u00a0 De otro lado, las familias de los ni\u00f1os y j\u00f3venes con discapacidad y\/o con talentos excepcionales, deben ser concientizadas de sus derechos para que conozcan la legislaci\u00f3n existente y exijan el cumplimiento de sus derechos e inicien cuando sea el caso, las acciones necesarias bajo una asesor\u00eda legal.\u00a0 De esta manera se podr\u00e1 lograr una verdadera inclusi\u00f3n educativa, social y laboral.<\/p>\n","protected":false},"excerpt":{"rendered":"<p>Tanto en la normatividad internacional como en la nacional, se hace \u00e9nfasis en los derechos que todos los seres humanos tienen; entre ellos se incluye el derecho a una educaci\u00f3n acorde con las necesidades que cada uno tiene.\u00a0 Para ello &hellip; <a href=\"https:\/\/tuliaocampo.com\/blog\/2014\/10\/importancia-de-la-educacion-inclusiva-2\/\">Sigue leyendo <span class=\"meta-nav\">&rarr;<\/span><\/a><\/p>\n","protected":false},"author":1,"featured_media":0,"comment_status":"open","ping_status":"open","sticky":false,"template":"","format":"standard","meta":{"jetpack_post_was_ever_published":false,"_jetpack_newsletter_access":"","_jetpack_dont_email_post_to_subs":false,"_jetpack_newsletter_tier_id":0,"_jetpack_memberships_contains_paywalled_content":false,"_jetpack_memberships_contains_paid_content":false,"footnotes":"","jetpack_publicize_message":"","jetpack_publicize_feature_enabled":true,"jetpack_social_post_already_shared":false,"jetpack_social_options":{"image_generator_settings":{"template":"highway","default_image_id":0,"font":"","enabled":false},"version":2}},"categories":[24,40],"tags":[23,25],"class_list":["post-228","post","type-post","status-publish","format-standard","hentry","category-educacion-inclusiva","category-pedagogia","tag-educacion","tag-inclusion"],"jetpack_publicize_connections":[],"jetpack_featured_media_url":"","jetpack_sharing_enabled":true,"_links":{"self":[{"href":"https:\/\/tuliaocampo.com\/blog\/wp-json\/wp\/v2\/posts\/228","targetHints":{"allow":["GET"]}}],"collection":[{"href":"https:\/\/tuliaocampo.com\/blog\/wp-json\/wp\/v2\/posts"}],"about":[{"href":"https:\/\/tuliaocampo.com\/blog\/wp-json\/wp\/v2\/types\/post"}],"author":[{"embeddable":true,"href":"https:\/\/tuliaocampo.com\/blog\/wp-json\/wp\/v2\/users\/1"}],"replies":[{"embeddable":true,"href":"https:\/\/tuliaocampo.com\/blog\/wp-json\/wp\/v2\/comments?post=228"}],"version-history":[{"count":3,"href":"https:\/\/tuliaocampo.com\/blog\/wp-json\/wp\/v2\/posts\/228\/revisions"}],"predecessor-version":[{"id":654,"href":"https:\/\/tuliaocampo.com\/blog\/wp-json\/wp\/v2\/posts\/228\/revisions\/654"}],"wp:attachment":[{"href":"https:\/\/tuliaocampo.com\/blog\/wp-json\/wp\/v2\/media?parent=228"}],"wp:term":[{"taxonomy":"category","embeddable":true,"href":"https:\/\/tuliaocampo.com\/blog\/wp-json\/wp\/v2\/categories?post=228"},{"taxonomy":"post_tag","embeddable":true,"href":"https:\/\/tuliaocampo.com\/blog\/wp-json\/wp\/v2\/tags?post=228"}],"curies":[{"name":"wp","href":"https:\/\/api.w.org\/{rel}","templated":true}]}}