{"id":1011,"date":"2020-11-23T00:09:30","date_gmt":"2020-11-23T00:09:30","guid":{"rendered":"https:\/\/tuliaocampo.com\/blog\/?p=1011"},"modified":"2023-08-06T15:01:30","modified_gmt":"2023-08-06T15:01:30","slug":"estudio-de-sharot-y-colaboradores-2007","status":"publish","type":"post","link":"https:\/\/tuliaocampo.com\/blog\/2020\/11\/estudio-de-sharot-y-colaboradores-2007\/","title":{"rendered":"ESTUDIO DE SHAROT Y COLABORADORES (2007)"},"content":{"rendered":"\n<p><strong>Sharot y colaboradores (2007)<\/strong> hicieron un estudio sobre <strong>memorias v\u00edvidas (flashbulb) relacionadas con los hechos de septiembre 11 de 2001 en la ciudad de Nueva York<\/strong>. Ellos combinaron t\u00e9cnicas comportamentales y de neuroimagen (<strong>RMf<\/strong>), teniendo en cuenta dos objetivos: (1) explorar las bases neuronales de este tipo de memorias y (2) clarificar las caracter\u00edsticas de los eventos emocionales que puedan llevar a la activaci\u00f3n de zonas espec\u00edficas del cerebro.&nbsp; Se propuso la hip\u00f3tesis de que la am\u00edgdala ser\u00eda importante en la codificaci\u00f3n y recuperaci\u00f3n de memorias emocionales.<\/p>\n\n\n\n<p>Tres a\u00f1os despu\u00e9s de los ataques terroristas del 11 de septiembre, se pidi\u00f3 a 24 participantes que estaban en Manhattan ese d\u00eda que recuperaran sus memorias sobre ese ataque, as\u00ed como memorias de otros eventos del verano de 2001.&nbsp; Para hacer esto, mientras se les hac\u00eda la <strong>RMf<\/strong> se les mostraba una palabra clave que se apareaba con la palabra <strong>septiembre<\/strong> o <strong>verano<\/strong> para indicar qu\u00e9 tipo de memoria deb\u00edan recordar.&nbsp; Despu\u00e9s de la sesi\u00f3n en el esc\u00e1ner, los participantes calificaron la experiencia de las memorias v\u00edvidas en aspectos como su nivel de excitaci\u00f3n, intensidad y confianza.&nbsp; Tambi\u00e9n se les pidi\u00f3 que escribieran una descripci\u00f3n de sus memorias.&nbsp; En el momento de los ataques a las torres gemelas, algunos participantes estaban cerca al World Trade Center y otros m\u00e1s lejos en Manhattan.&nbsp;<\/p>\n\n\n\n<figure class=\"wp-block-image size-large\"><img loading=\"lazy\" decoding=\"async\" width=\"800\" height=\"534\" src=\"https:\/\/tuliaocampo.com\/blog\/wp-content\/uploads\/2020\/11\/NYC-9-11.png\" alt=\"\" class=\"wp-image-1012\" srcset=\"https:\/\/tuliaocampo.com\/blog\/wp-content\/uploads\/2020\/11\/NYC-9-11.png 800w, https:\/\/tuliaocampo.com\/blog\/wp-content\/uploads\/2020\/11\/NYC-9-11-300x200.png 300w, https:\/\/tuliaocampo.com\/blog\/wp-content\/uploads\/2020\/11\/NYC-9-11-768x513.png 768w, https:\/\/tuliaocampo.com\/blog\/wp-content\/uploads\/2020\/11\/NYC-9-11-449x300.png 449w\" sizes=\"auto, (max-width: 800px) 100vw, 800px\" \/><figcaption class=\"wp-element-caption\">Tomado de https:\/\/time.com<\/figcaption><\/figure>\n\n\n\n<!--more-->\n\n\n\n<p>Los participantes que estaban m\u00e1s cerca de las torres gemelas evidenciaron m\u00e1s emocionalidad negativa de su memoria sobre los hechos del 11 de septiembre de 2001 al compararla con los recuerdos del verano, as\u00ed como una mayor intensidad de la memoria y mayor detalle de sus descripciones, lo cual no se observ\u00f3 en los dem\u00e1s participantes.&nbsp; En otras palabras, la recolecci\u00f3n de sus experiencias del ataque terrorista de ese d\u00eda estuvo m\u00e1s cargada de emociones y de detalles en comparaci\u00f3n con otras experiencias y con las de los dem\u00e1s participantes.&nbsp; Se concluye que la experiencia para recordar los eventos del 11 de septiembre respecto a los recuerdos de sus vacaciones de verano fue cualitativamente diferente solamente en aquellos que se encontraban cerca del World Trade Center ese d\u00eda.&nbsp;<\/p>\n\n\n\n<p>En relaci\u00f3n con la <strong>RMf<\/strong>, se evidenci\u00f3 que la am\u00edgdala izquierda se activaba en la mayor\u00eda de los participantes que estaban cerca de las torres gemelas cuando recordaron eventos del 11 de septiembre, pero no cuando recordaron otros eventos del verano de 2001.&nbsp; Este no fue el caso de los otros participantes que se encontraban m\u00e1s lejos, en quienes no se observ\u00f3 de manera significativa esta mayor activaci\u00f3n de la am\u00edgdala al recordar eventos del 11 de septiembre.&nbsp; No se evidenciaron diferencias en la activaci\u00f3n cerebral al recuperar recuerdos del verano entre los dos grupos de participantes, memorias para las cuales activ\u00f3 la corteza parahipocampal posterior.&nbsp;<\/p>\n\n\n\n<p>Se concluye que una experiencia cercana con un evento p\u00fablico impactante puede llevar a un tipo de memoria diferente.&nbsp; Adicionalmente, puede ser cr\u00edtica en la activaci\u00f3n de mecanismos neuronales que est\u00e1n relacionados con la modulaci\u00f3n emocional de la memoria y en la producci\u00f3n de recuerdos v\u00edvidos relacionados con la memoria v\u00edvida (flashbulb).&nbsp;&nbsp;<\/p>\n\n\n\n<hr class=\"wp-block-separator has-css-opacity\"\/>\n\n\n\n<p><strong>Evaluaci\u00f3n del estudio de Sharot y colaboradores (2007):<\/strong><\/p>\n\n\n\n<p><strong>Fortalezas:<\/strong><\/p>\n\n\n\n<ol class=\"wp-block-list\" type=\"1\">\n<li>Recoge una variedad de datos con diferentes metodolog\u00edas, evidenciando triangulaci\u00f3n de m\u00e9todo que favorece la validez de los resultados.<\/li>\n\n\n\n<li>La metodolog\u00eda permite establecer una correlaci\u00f3n de la experiencia personal con la memoria v\u00edvida.&nbsp;<\/li>\n<\/ol>\n\n\n\n<p><strong>Limitaciones:<\/strong><\/p>\n\n\n\n<ol class=\"wp-block-list\" type=\"1\">\n<li>La muestra de participantes es peque\u00f1a, limitando la confiabilidad de los resultados.<\/li>\n\n\n\n<li>La muestra es de una cultura occidental espec\u00edfica y por lo tanto limita la generalizaci\u00f3n a una poblaci\u00f3n de otras culturas.<\/li>\n\n\n\n<li>Parte de los datos recolectados dependen del auto-reporte, lo cual puede llevar a errores de confiabilidad.<\/li>\n\n\n\n<li>Es un estudio correlacional y por ello no se puede establecer causa-efecto.<\/li>\n\n\n\n<li>El ambiente de la RMf es artificial y por lo tanto carece de validez ecol\u00f3gica al recuperar las memorias.<\/li>\n<\/ol>\n\n\n\n<hr class=\"wp-block-separator has-css-opacity\"\/>\n\n\n\n<p><strong>Nota:<\/strong>&nbsp; Este estudio de Sharot y colaboradores se puede utilizar en preguntas relacionadas con:<\/p>\n\n\n\n<ol class=\"wp-block-list\" type=\"1\">\n<li><a rel=\"noreferrer noopener\" href=\"https:\/\/tuliaocampo.com\/blog\/2020\/09\/tecnologias-para-estudiar-el-cerebro\/\" target=\"_blank\"><strong>T<\/strong>\u00e9cnolog\u00edas utilizadas para estudiar el cerebro con relaci\u00f3n al comportamiento<\/a><\/li>\n\n\n\n<li><a rel=\"noreferrer noopener\" href=\"https:\/\/tuliaocampo.com\/blog\/2020\/10\/localizacion-de-funciones-en-el-cerebro\/\" target=\"_blank\">Localizaci\u00f3n de funciones en el cerebro<\/a><\/li>\n\n\n\n<li>La influencia de la emoci\u00f3n en los procesos cognitivos: Memorias v\u00edvidas (Flashbulb)<\/li>\n\n\n\n<li><a href=\"https:\/\/tuliaocampo.com\/blog\/2023\/08\/estudios-cuantitativos-experimentos-cuasiexperimentos-y-estudios-correlacionales\/\">M\u00e9todos de investigaci\u00f3n \u2013 Experimentos naturales \/cuasiexperimentos<\/a><\/li>\n<\/ol>\n\n\n\n<hr class=\"wp-block-separator has-css-opacity\"\/>\n\n\n\n<p><strong>Bibliograf\u00eda:<\/strong><\/p>\n\n\n\n<p>Sharot, T., Martorella, E.A., Delgado, M.R. y Phelps, E.A. (2007).&nbsp; How personal experience modulates the neural circuitry of memories of September 11.&nbsp; <em>Proceedings of the National Academy of Science, 104<\/em>(1), 389-394.<\/p>\n","protected":false},"excerpt":{"rendered":"<p>Sharot y colaboradores (2007) hicieron un estudio sobre memorias v\u00edvidas (flashbulb) relacionadas con los hechos de septiembre 11 de 2001 en la ciudad de Nueva York. Ellos combinaron t\u00e9cnicas comportamentales y de neuroimagen (RMf), teniendo en cuenta dos objetivos: (1) &hellip; <a href=\"https:\/\/tuliaocampo.com\/blog\/2020\/11\/estudio-de-sharot-y-colaboradores-2007\/\">Sigue leyendo <span class=\"meta-nav\">&rarr;<\/span><\/a><\/p>\n","protected":false},"author":1,"featured_media":0,"comment_status":"open","ping_status":"open","sticky":false,"template":"","format":"standard","meta":{"jetpack_post_was_ever_published":false,"_jetpack_newsletter_access":"","_jetpack_dont_email_post_to_subs":false,"_jetpack_newsletter_tier_id":0,"_jetpack_memberships_contains_paywalled_content":false,"_jetpack_memberships_contains_paid_content":false,"footnotes":"","jetpack_publicize_message":"","jetpack_publicize_feature_enabled":true,"jetpack_social_post_already_shared":true,"jetpack_social_options":{"image_generator_settings":{"template":"highway","default_image_id":0,"font":"","enabled":false},"version":2}},"categories":[45,46,41],"tags":[63,66],"class_list":["post-1011","post","type-post","status-publish","format-standard","hentry","category-bases-biologicas-del-comportamiento","category-mirada-cognitiva-para-la-comprension-del-comportamiento","category-psicologia","tag-cerebro-y-comportamieto","tag-emocion-y-cognicion"],"jetpack_publicize_connections":[],"jetpack_featured_media_url":"","jetpack_sharing_enabled":true,"_links":{"self":[{"href":"https:\/\/tuliaocampo.com\/blog\/wp-json\/wp\/v2\/posts\/1011","targetHints":{"allow":["GET"]}}],"collection":[{"href":"https:\/\/tuliaocampo.com\/blog\/wp-json\/wp\/v2\/posts"}],"about":[{"href":"https:\/\/tuliaocampo.com\/blog\/wp-json\/wp\/v2\/types\/post"}],"author":[{"embeddable":true,"href":"https:\/\/tuliaocampo.com\/blog\/wp-json\/wp\/v2\/users\/1"}],"replies":[{"embeddable":true,"href":"https:\/\/tuliaocampo.com\/blog\/wp-json\/wp\/v2\/comments?post=1011"}],"version-history":[{"count":5,"href":"https:\/\/tuliaocampo.com\/blog\/wp-json\/wp\/v2\/posts\/1011\/revisions"}],"predecessor-version":[{"id":1356,"href":"https:\/\/tuliaocampo.com\/blog\/wp-json\/wp\/v2\/posts\/1011\/revisions\/1356"}],"wp:attachment":[{"href":"https:\/\/tuliaocampo.com\/blog\/wp-json\/wp\/v2\/media?parent=1011"}],"wp:term":[{"taxonomy":"category","embeddable":true,"href":"https:\/\/tuliaocampo.com\/blog\/wp-json\/wp\/v2\/categories?post=1011"},{"taxonomy":"post_tag","embeddable":true,"href":"https:\/\/tuliaocampo.com\/blog\/wp-json\/wp\/v2\/tags?post=1011"}],"curies":[{"name":"wp","href":"https:\/\/api.w.org\/{rel}","templated":true}]}}